
{"id":3660,"date":"2026-04-24T10:22:58","date_gmt":"2026-04-24T08:22:58","guid":{"rendered":"https:\/\/ippa.uek.krakow.pl\/kpp\/?p=3660"},"modified":"2026-04-24T10:41:25","modified_gmt":"2026-04-24T08:41:25","slug":"certyfikat-uczelnia-przyjazna","status":"publish","type":"post","link":"https:\/\/ippa.uek.krakow.pl\/kpp\/2026\/04\/24\/certyfikat-uczelnia-przyjazna\/","title":{"rendered":"Certyfikat &#8222;Uczelnia Przyjazna&#8221;"},"content":{"rendered":"\t\t<div data-elementor-type=\"wp-post\" data-elementor-id=\"3660\" class=\"elementor elementor-3660\">\n\t\t\t\t\t\t<section data-particle_enable=\"false\" data-particle-mobile-disabled=\"false\" class=\"elementor-section elementor-top-section elementor-element elementor-element-4c39e53 elementor-section-boxed elementor-section-height-default elementor-section-height-default\" data-id=\"4c39e53\" data-element_type=\"section\" data-settings=\"{&quot;jet_parallax_layout_list&quot;:[]}\">\n\t\t\t\t\t\t<div class=\"elementor-container elementor-column-gap-default\">\n\t\t\t\t\t<div class=\"elementor-column elementor-col-100 elementor-top-column elementor-element elementor-element-7c78f31\" data-id=\"7c78f31\" data-element_type=\"column\">\n\t\t\t<div class=\"elementor-widget-wrap elementor-element-populated\">\n\t\t\t\t\t\t<div class=\"elementor-element elementor-element-06a1c52 elementor-widget elementor-widget-text-editor\" data-id=\"06a1c52\" data-element_type=\"widget\" data-widget_type=\"text-editor.default\">\n\t\t\t\t<div class=\"elementor-widget-container\">\n\t\t\t\t\t\t\t<p>Z wielk\u0105 rado\u015bci\u0105 informujemy, \u017ce nasza katedra otrzyma\u0142a (po raz kolejny!) certyfikat Uczelni Przyjaznej na lata 2026-2029.<\/p><p>W dniu 22 kwietnia odby\u0142o si\u0119 oficialnie wr\u0119czenie certyfikat\u00f3w zar\u00f3wno katedrom jak i innym jednostkom na uczelni. W wydarzeniu wzi\u0119li udzia\u0142 m.in:<\/p><ul><li>prof. UEK dr hab. Ma\u0142gorzata Tyra\u0144ska &#8211; Prorektor ds. Kszta\u0142cenia i Student\u00f3w,<\/li><li>dr in\u017c. Mateusz Maca\u0142ka &#8211; Kierownik Biura ds. Os\u00f3b z Niepe\u0142nosprawno\u015bci\u0105<\/li><li>dr Wioleta Ga\u0142at &#8211; Koordynatorka ds. dost\u0119pno\u015bci<\/li><li>mgr Martin Jung &#8211; pracownik BON-u<\/li><li>mgr Judyta Koper &#8211; pracowniczka BON-u<\/li><\/ul><p>Katedr\u0119 Polityk Publicznych reprezentowa\u0142a Pani mgr Agnieszka Bogunia.\u00a0<\/p><p>Katedralnym Pe\u0142nomocnikiem ds. Os\u00f3b z Niepe\u0142nosprawno\u015bciami jest dr Micha\u0142 Fr\u0105czek.<\/p>\t\t\t\t\t\t<\/div>\n\t\t\t\t<\/div>\n\t\t\t\t\t<\/div>\n\t\t<\/div>\n\t\t\t\t\t<\/div>\n\t\t<\/section>\n\t\t\t\t<section data-particle_enable=\"false\" data-particle-mobile-disabled=\"false\" class=\"elementor-section elementor-top-section elementor-element elementor-element-5068b4a elementor-section-boxed elementor-section-height-default elementor-section-height-default\" data-id=\"5068b4a\" data-element_type=\"section\" data-settings=\"{&quot;jet_parallax_layout_list&quot;:[]}\">\n\t\t\t\t\t\t<div class=\"elementor-container elementor-column-gap-default\">\n\t\t\t\t\t<div class=\"elementor-column elementor-col-50 elementor-top-column elementor-element elementor-element-75e4c09\" data-id=\"75e4c09\" data-element_type=\"column\">\n\t\t\t<div class=\"elementor-widget-wrap elementor-element-populated\">\n\t\t\t\t\t\t<div class=\"elementor-element elementor-element-6401493 elementor-widget elementor-widget-image\" data-id=\"6401493\" data-element_type=\"widget\" data-widget_type=\"image.default\">\n\t\t\t\t<div class=\"elementor-widget-container\">\n\t\t\t\t\t\t\t\t\t\t\t\t\t<img fetchpriority=\"high\" decoding=\"async\" width=\"960\" height=\"443\" src=\"https:\/\/ippa.uek.krakow.pl\/kpp\/wp-content\/uploads\/sites\/4\/2026\/04\/5-1024x473.jpg\" class=\"attachment-large size-large wp-image-3662\" alt=\"\" srcset=\"https:\/\/ippa.uek.krakow.pl\/kpp\/wp-content\/uploads\/sites\/4\/2026\/04\/5-1024x473.jpg 1024w, https:\/\/ippa.uek.krakow.pl\/kpp\/wp-content\/uploads\/sites\/4\/2026\/04\/5-300x139.jpg 300w, https:\/\/ippa.uek.krakow.pl\/kpp\/wp-content\/uploads\/sites\/4\/2026\/04\/5-768x355.jpg 768w, https:\/\/ippa.uek.krakow.pl\/kpp\/wp-content\/uploads\/sites\/4\/2026\/04\/5-1536x710.jpg 1536w, https:\/\/ippa.uek.krakow.pl\/kpp\/wp-content\/uploads\/sites\/4\/2026\/04\/5-2048x947.jpg 2048w, https:\/\/ippa.uek.krakow.pl\/kpp\/wp-content\/uploads\/sites\/4\/2026\/04\/5-1140x527.jpg 1140w\" sizes=\"(max-width: 960px) 100vw, 960px\" \/>\t\t\t\t\t\t\t\t\t\t\t\t\t<\/div>\n\t\t\t\t<\/div>\n\t\t\t\t\t<\/div>\n\t\t<\/div>\n\t\t\t\t<div class=\"elementor-column elementor-col-50 elementor-top-column elementor-element elementor-element-5bb1e7e\" data-id=\"5bb1e7e\" data-element_type=\"column\">\n\t\t\t<div class=\"elementor-widget-wrap elementor-element-populated\">\n\t\t\t\t\t\t<div class=\"elementor-element elementor-element-d67f15b elementor-widget elementor-widget-image\" data-id=\"d67f15b\" data-element_type=\"widget\" data-widget_type=\"image.default\">\n\t\t\t\t<div class=\"elementor-widget-container\">\n\t\t\t\t\t\t\t\t\t\t\t\t\t<img decoding=\"async\" width=\"960\" height=\"330\" src=\"https:\/\/ippa.uek.krakow.pl\/kpp\/wp-content\/uploads\/sites\/4\/2026\/04\/18-1024x352.jpg\" class=\"attachment-large size-large wp-image-3663\" alt=\"\" srcset=\"https:\/\/ippa.uek.krakow.pl\/kpp\/wp-content\/uploads\/sites\/4\/2026\/04\/18-1024x352.jpg 1024w, https:\/\/ippa.uek.krakow.pl\/kpp\/wp-content\/uploads\/sites\/4\/2026\/04\/18-300x103.jpg 300w, https:\/\/ippa.uek.krakow.pl\/kpp\/wp-content\/uploads\/sites\/4\/2026\/04\/18-768x264.jpg 768w, https:\/\/ippa.uek.krakow.pl\/kpp\/wp-content\/uploads\/sites\/4\/2026\/04\/18-1536x529.jpg 1536w, https:\/\/ippa.uek.krakow.pl\/kpp\/wp-content\/uploads\/sites\/4\/2026\/04\/18-2048x705.jpg 2048w, https:\/\/ippa.uek.krakow.pl\/kpp\/wp-content\/uploads\/sites\/4\/2026\/04\/18-1140x392.jpg 1140w\" sizes=\"(max-width: 960px) 100vw, 960px\" \/>\t\t\t\t\t\t\t\t\t\t\t\t\t<\/div>\n\t\t\t\t<\/div>\n\t\t\t\t\t<\/div>\n\t\t<\/div>\n\t\t\t\t\t<\/div>\n\t\t<\/section>\n\t\t\t\t<section data-particle_enable=\"false\" data-particle-mobile-disabled=\"false\" class=\"elementor-section elementor-top-section elementor-element elementor-element-e76fca5 elementor-section-boxed elementor-section-height-default elementor-section-height-default\" data-id=\"e76fca5\" data-element_type=\"section\" data-settings=\"{&quot;jet_parallax_layout_list&quot;:[]}\">\n\t\t\t\t\t\t<div class=\"elementor-container elementor-column-gap-default\">\n\t\t\t\t\t<div class=\"elementor-column elementor-col-100 elementor-top-column elementor-element elementor-element-0e02f26\" data-id=\"0e02f26\" data-element_type=\"column\">\n\t\t\t<div class=\"elementor-widget-wrap elementor-element-populated\">\n\t\t\t\t\t\t<div class=\"elementor-element elementor-element-fed679e elementor-widget elementor-widget-image\" data-id=\"fed679e\" data-element_type=\"widget\" data-widget_type=\"image.default\">\n\t\t\t\t<div class=\"elementor-widget-container\">\n\t\t\t\t\t\t\t\t\t\t\t\t\t<img decoding=\"async\" width=\"768\" height=\"1024\" src=\"https:\/\/ippa.uek.krakow.pl\/kpp\/wp-content\/uploads\/sites\/4\/2026\/04\/IMG_20260422_122840-768x1024.jpg\" class=\"attachment-medium_large size-medium_large wp-image-3667\" alt=\"\" srcset=\"https:\/\/ippa.uek.krakow.pl\/kpp\/wp-content\/uploads\/sites\/4\/2026\/04\/IMG_20260422_122840-768x1024.jpg 768w, https:\/\/ippa.uek.krakow.pl\/kpp\/wp-content\/uploads\/sites\/4\/2026\/04\/IMG_20260422_122840-225x300.jpg 225w, https:\/\/ippa.uek.krakow.pl\/kpp\/wp-content\/uploads\/sites\/4\/2026\/04\/IMG_20260422_122840-1152x1536.jpg 1152w, https:\/\/ippa.uek.krakow.pl\/kpp\/wp-content\/uploads\/sites\/4\/2026\/04\/IMG_20260422_122840-1536x2048.jpg 1536w, https:\/\/ippa.uek.krakow.pl\/kpp\/wp-content\/uploads\/sites\/4\/2026\/04\/IMG_20260422_122840-1140x1520.jpg 1140w, https:\/\/ippa.uek.krakow.pl\/kpp\/wp-content\/uploads\/sites\/4\/2026\/04\/IMG_20260422_122840-scaled.jpg 1920w\" sizes=\"(max-width: 768px) 100vw, 768px\" \/>\t\t\t\t\t\t\t\t\t\t\t\t\t<\/div>\n\t\t\t\t<\/div>\n\t\t\t\t\t<\/div>\n\t\t<\/div>\n\t\t\t\t\t<\/div>\n\t\t<\/section>\n\t\t\t\t<\/div>\n\t\t","protected":false},"excerpt":{"rendered":"<p>Z wielk\u0105 rado\u015bci\u0105 informujemy, \u017ce nasza katedra otrzyma\u0142a (po raz kolejny!) certyfikat Uczelni Przyjaznej na lata 2026-2029. W dniu 22 kwietnia odby\u0142o si\u0119 oficialnie wr\u0119czenie certyfikat\u00f3w zar\u00f3wno katedrom jak i innym jednostkom na uczelni. W wydarzeniu wzi\u0119li udzia\u0142 m.in: prof. UEK dr hab. Ma\u0142gorzata Tyra\u0144ska &#8211; Prorektor ds. Kszta\u0142cenia i Student\u00f3w, dr in\u017c. Mateusz Maca\u0142ka &#8211; Kierownik Biura ds. Os\u00f3b z Niepe\u0142nosprawno\u015bci\u0105 dr Wioleta Ga\u0142at &#8211; Koordynatorka ds. dost\u0119pno\u015bci mgr Martin Jung &#8211; pracownik BON-u mgr Judyta Koper &#8211; pracowniczka BON-u Katedr\u0119 Polityk Publicznych reprezentowa\u0142a Pani mgr Agnieszka Bogunia.\u00a0 Katedralnym Pe\u0142nomocnikiem ds. Os\u00f3b z Niepe\u0142nosprawno\u015bciami jest dr Micha\u0142 Fr\u0105czek.<\/p>\n","protected":false},"author":14,"featured_media":0,"comment_status":"closed","ping_status":"closed","sticky":false,"template":"","format":"standard","meta":{"footnotes":""},"categories":[10],"tags":[],"class_list":["post-3660","post","type-post","status-publish","format-standard","hentry","category-aktualnosci"],"_links":{"self":[{"href":"https:\/\/ippa.uek.krakow.pl\/kpp\/wp-json\/wp\/v2\/posts\/3660"}],"collection":[{"href":"https:\/\/ippa.uek.krakow.pl\/kpp\/wp-json\/wp\/v2\/posts"}],"about":[{"href":"https:\/\/ippa.uek.krakow.pl\/kpp\/wp-json\/wp\/v2\/types\/post"}],"author":[{"embeddable":true,"href":"https:\/\/ippa.uek.krakow.pl\/kpp\/wp-json\/wp\/v2\/users\/14"}],"replies":[{"embeddable":true,"href":"https:\/\/ippa.uek.krakow.pl\/kpp\/wp-json\/wp\/v2\/comments?post=3660"}],"version-history":[{"count":10,"href":"https:\/\/ippa.uek.krakow.pl\/kpp\/wp-json\/wp\/v2\/posts\/3660\/revisions"}],"predecessor-version":[{"id":3674,"href":"https:\/\/ippa.uek.krakow.pl\/kpp\/wp-json\/wp\/v2\/posts\/3660\/revisions\/3674"}],"wp:attachment":[{"href":"https:\/\/ippa.uek.krakow.pl\/kpp\/wp-json\/wp\/v2\/media?parent=3660"}],"wp:term":[{"taxonomy":"category","embeddable":true,"href":"https:\/\/ippa.uek.krakow.pl\/kpp\/wp-json\/wp\/v2\/categories?post=3660"},{"taxonomy":"post_tag","embeddable":true,"href":"https:\/\/ippa.uek.krakow.pl\/kpp\/wp-json\/wp\/v2\/tags?post=3660"}],"curies":[{"name":"wp","href":"https:\/\/api.w.org\/{rel}","templated":true}]}}