
{"id":3638,"date":"2026-04-21T14:53:13","date_gmt":"2026-04-21T12:53:13","guid":{"rendered":"https:\/\/ippa.uek.krakow.pl\/kpp\/?p=3638"},"modified":"2026-04-21T14:56:16","modified_gmt":"2026-04-21T12:56:16","slug":"wizyta-uczniow-szkoly-podstawowej","status":"publish","type":"post","link":"https:\/\/ippa.uek.krakow.pl\/kpp\/2026\/04\/21\/wizyta-uczniow-szkoly-podstawowej\/","title":{"rendered":"Wizyta uczni\u00f3w szko\u0142y podstawowej"},"content":{"rendered":"\t\t<div data-elementor-type=\"wp-post\" data-elementor-id=\"3638\" class=\"elementor elementor-3638\">\n\t\t\t\t\t\t<section data-particle_enable=\"false\" data-particle-mobile-disabled=\"false\" class=\"elementor-section elementor-top-section elementor-element elementor-element-4c39e53 elementor-section-boxed elementor-section-height-default elementor-section-height-default\" data-id=\"4c39e53\" data-element_type=\"section\" data-settings=\"{&quot;jet_parallax_layout_list&quot;:[]}\">\n\t\t\t\t\t\t<div class=\"elementor-container elementor-column-gap-default\">\n\t\t\t\t\t<div class=\"elementor-column elementor-col-100 elementor-top-column elementor-element elementor-element-7c78f31\" data-id=\"7c78f31\" data-element_type=\"column\">\n\t\t\t<div class=\"elementor-widget-wrap elementor-element-populated\">\n\t\t\t\t\t\t<div class=\"elementor-element elementor-element-06a1c52 elementor-widget elementor-widget-text-editor\" data-id=\"06a1c52\" data-element_type=\"widget\" data-widget_type=\"text-editor.default\">\n\t\t\t\t<div class=\"elementor-widget-container\">\n\t\t\t\t\t\t\t<p>W poniedzia\u0142ek 20 kwietnia przybyli do nas z wizyt\u0105 uczniowie klasy 3D ze SP27 im. Marii Konopnickiej w Krakowie wraz z wychowawczyni\u0105 Joann\u0105 Tobiasz. W rol\u0119 przewodnika wcieli\u0142 si\u0119 dr Maciej Fr\u0105czek. Uczniowie uczestniczyli w wyk\u0142adzie pt. \u201eDlaczego potrzebujemy pa\u0144stwa?\u201d oraz dyskusji na ten sam temat, zwiedzili Bibliotek\u0119 G\u0142\u00f3wn\u0105 (poznali sekretne przej\u015bcie do magazynu biblioteki) i poznali r\u00f3\u017cne ciekawe miejsca na naszym kampusie.<\/p><p>Za 9 lat zapraszamy przysz\u0142ych student\u00f3w na kierunek <a href=\"https:\/\/ippa.uek.krakow.pl\/kpp\/\">Gospodarka i administracja publiczna<\/a> \ud83d\ude0a<\/p>\t\t\t\t\t\t<\/div>\n\t\t\t\t<\/div>\n\t\t\t\t\t<\/div>\n\t\t<\/div>\n\t\t\t\t\t<\/div>\n\t\t<\/section>\n\t\t\t\t<section data-particle_enable=\"false\" data-particle-mobile-disabled=\"false\" class=\"elementor-section elementor-top-section elementor-element elementor-element-a7b7750 elementor-section-boxed elementor-section-height-default elementor-section-height-default\" data-id=\"a7b7750\" data-element_type=\"section\" data-settings=\"{&quot;jet_parallax_layout_list&quot;:[]}\">\n\t\t\t\t\t\t<div class=\"elementor-container elementor-column-gap-default\">\n\t\t\t\t\t<div class=\"elementor-column elementor-col-100 elementor-top-column elementor-element elementor-element-111fafc\" data-id=\"111fafc\" data-element_type=\"column\">\n\t\t\t<div class=\"elementor-widget-wrap elementor-element-populated\">\n\t\t\t\t\t\t<div class=\"elementor-element elementor-element-dfd8f7c elementor-widget elementor-widget-image\" data-id=\"dfd8f7c\" data-element_type=\"widget\" data-widget_type=\"image.default\">\n\t\t\t\t<div class=\"elementor-widget-container\">\n\t\t\t\t\t\t\t\t\t\t\t\t\t<img fetchpriority=\"high\" decoding=\"async\" width=\"960\" height=\"432\" src=\"https:\/\/ippa.uek.krakow.pl\/kpp\/wp-content\/uploads\/sites\/4\/2026\/04\/obraz-1024x461.png\" class=\"attachment-large size-large wp-image-3643\" alt=\"\" srcset=\"https:\/\/ippa.uek.krakow.pl\/kpp\/wp-content\/uploads\/sites\/4\/2026\/04\/obraz-1024x461.png 1024w, https:\/\/ippa.uek.krakow.pl\/kpp\/wp-content\/uploads\/sites\/4\/2026\/04\/obraz-300x135.png 300w, https:\/\/ippa.uek.krakow.pl\/kpp\/wp-content\/uploads\/sites\/4\/2026\/04\/obraz-768x345.png 768w, https:\/\/ippa.uek.krakow.pl\/kpp\/wp-content\/uploads\/sites\/4\/2026\/04\/obraz-1536x691.png 1536w, https:\/\/ippa.uek.krakow.pl\/kpp\/wp-content\/uploads\/sites\/4\/2026\/04\/obraz-1140x513.png 1140w, https:\/\/ippa.uek.krakow.pl\/kpp\/wp-content\/uploads\/sites\/4\/2026\/04\/obraz.png 2048w\" sizes=\"(max-width: 960px) 100vw, 960px\" \/>\t\t\t\t\t\t\t\t\t\t\t\t\t<\/div>\n\t\t\t\t<\/div>\n\t\t\t\t\t<\/div>\n\t\t<\/div>\n\t\t\t\t\t<\/div>\n\t\t<\/section>\n\t\t\t\t<\/div>\n\t\t","protected":false},"excerpt":{"rendered":"<p>W poniedzia\u0142ek 20 kwietnia przybyli do nas z wizyt\u0105 uczniowie klasy 3D ze SP27 im. Marii Konopnickiej w Krakowie wraz z wychowawczyni\u0105 Joann\u0105 Tobiasz. W rol\u0119 przewodnika wcieli\u0142 si\u0119 dr Maciej Fr\u0105czek. Uczniowie uczestniczyli w wyk\u0142adzie pt. \u201eDlaczego potrzebujemy pa\u0144stwa?\u201d oraz dyskusji na ten sam temat, zwiedzili Bibliotek\u0119 G\u0142\u00f3wn\u0105 (poznali sekretne przej\u015bcie do magazynu biblioteki) i poznali r\u00f3\u017cne ciekawe miejsca na naszym kampusie. Za 9 lat zapraszamy przysz\u0142ych student\u00f3w na kierunek Gospodarka i administracja publiczna \ud83d\ude0a<\/p>\n","protected":false},"author":14,"featured_media":0,"comment_status":"closed","ping_status":"closed","sticky":false,"template":"","format":"standard","meta":{"footnotes":""},"categories":[10],"tags":[],"class_list":["post-3638","post","type-post","status-publish","format-standard","hentry","category-aktualnosci"],"_links":{"self":[{"href":"https:\/\/ippa.uek.krakow.pl\/kpp\/wp-json\/wp\/v2\/posts\/3638"}],"collection":[{"href":"https:\/\/ippa.uek.krakow.pl\/kpp\/wp-json\/wp\/v2\/posts"}],"about":[{"href":"https:\/\/ippa.uek.krakow.pl\/kpp\/wp-json\/wp\/v2\/types\/post"}],"author":[{"embeddable":true,"href":"https:\/\/ippa.uek.krakow.pl\/kpp\/wp-json\/wp\/v2\/users\/14"}],"replies":[{"embeddable":true,"href":"https:\/\/ippa.uek.krakow.pl\/kpp\/wp-json\/wp\/v2\/comments?post=3638"}],"version-history":[{"count":7,"href":"https:\/\/ippa.uek.krakow.pl\/kpp\/wp-json\/wp\/v2\/posts\/3638\/revisions"}],"predecessor-version":[{"id":3646,"href":"https:\/\/ippa.uek.krakow.pl\/kpp\/wp-json\/wp\/v2\/posts\/3638\/revisions\/3646"}],"wp:attachment":[{"href":"https:\/\/ippa.uek.krakow.pl\/kpp\/wp-json\/wp\/v2\/media?parent=3638"}],"wp:term":[{"taxonomy":"category","embeddable":true,"href":"https:\/\/ippa.uek.krakow.pl\/kpp\/wp-json\/wp\/v2\/categories?post=3638"},{"taxonomy":"post_tag","embeddable":true,"href":"https:\/\/ippa.uek.krakow.pl\/kpp\/wp-json\/wp\/v2\/tags?post=3638"}],"curies":[{"name":"wp","href":"https:\/\/api.w.org\/{rel}","templated":true}]}}