
{"id":2183,"date":"2023-07-04T10:59:01","date_gmt":"2023-07-04T08:59:01","guid":{"rendered":"https:\/\/ippa.uek.krakow.pl\/kpp\/?p=2183"},"modified":"2023-11-16T09:22:20","modified_gmt":"2023-11-16T08:22:20","slug":"certyfikat-uczelni-przyjaznej-osobom-z-niepelnosprawnoscia","status":"publish","type":"post","link":"https:\/\/ippa.uek.krakow.pl\/kpp\/2023\/07\/04\/certyfikat-uczelni-przyjaznej-osobom-z-niepelnosprawnoscia\/","title":{"rendered":"Certyfikat Uczelni Przyjaznej Osobom z Niepe\u0142nosprawno\u015bci\u0105"},"content":{"rendered":"\t\t<div data-elementor-type=\"wp-post\" data-elementor-id=\"2183\" class=\"elementor elementor-2183\">\n\t\t\t\t\t\t<section data-particle_enable=\"false\" data-particle-mobile-disabled=\"false\" class=\"elementor-section elementor-top-section elementor-element elementor-element-4c39e53 elementor-section-boxed elementor-section-height-default elementor-section-height-default\" data-id=\"4c39e53\" data-element_type=\"section\" data-settings=\"{&quot;jet_parallax_layout_list&quot;:[]}\">\n\t\t\t\t\t\t<div class=\"elementor-container elementor-column-gap-default\">\n\t\t\t\t\t<div class=\"elementor-column elementor-col-100 elementor-top-column elementor-element elementor-element-7c78f31\" data-id=\"7c78f31\" data-element_type=\"column\">\n\t\t\t<div class=\"elementor-widget-wrap elementor-element-populated\">\n\t\t\t\t\t\t<div class=\"elementor-element elementor-element-3ad2dad elementor-widget elementor-widget-text-editor\" data-id=\"3ad2dad\" data-element_type=\"widget\" data-widget_type=\"text-editor.default\">\n\t\t\t\t<div class=\"elementor-widget-container\">\n\t\t\t\t\t\t\t<blockquote><h5>Katedra Polityk Publicznych uzyska\u0142a certyfikat Uczelni Przyjaznej Osobom z Niepe\u0142nosprawno\u015bci\u0105.\u00a0<\/h5><\/blockquote>\t\t\t\t\t\t<\/div>\n\t\t\t\t<\/div>\n\t\t\t\t<div class=\"elementor-element elementor-element-06a1c52 elementor-widget elementor-widget-text-editor\" data-id=\"06a1c52\" data-element_type=\"widget\" data-widget_type=\"text-editor.default\">\n\t\t\t\t<div class=\"elementor-widget-container\">\n\t\t\t\t\t\t\t<p>Serdecznie gratulujemy ca\u0142ej katedrze za zaanga\u017cowanie i dzia\u0142anie w celu podnoszenia \u015bwiadomo\u015bci akademickiej w zakresie niepe\u0142nosprawno\u015bci i wdra\u017cania dobrych praktyk.\u00a0<\/p><p>Certyfikat zosta\u0142 przyznany na lata 2023-2026.<\/p><p>Warto przypomnie\u0107, \u017ce funkcj\u0119 katedralnego Pe\u0142nomocnika ds. Os\u00f3b z Niepe\u0142nosprawno\u015bciami pe\u0142ni dr Maciej Fr\u0105czek.\u00a0<\/p>\t\t\t\t\t\t<\/div>\n\t\t\t\t<\/div>\n\t\t\t\t\t<\/div>\n\t\t<\/div>\n\t\t\t\t\t<\/div>\n\t\t<\/section>\n\t\t\t\t<section data-particle_enable=\"false\" data-particle-mobile-disabled=\"false\" class=\"elementor-section elementor-top-section elementor-element elementor-element-f05afd8 elementor-section-boxed elementor-section-height-default elementor-section-height-default\" data-id=\"f05afd8\" data-element_type=\"section\" data-settings=\"{&quot;jet_parallax_layout_list&quot;:[]}\">\n\t\t\t\t\t\t<div class=\"elementor-container elementor-column-gap-default\">\n\t\t\t\t\t<div class=\"elementor-column elementor-col-100 elementor-top-column elementor-element elementor-element-935ecab\" data-id=\"935ecab\" data-element_type=\"column\">\n\t\t\t<div class=\"elementor-widget-wrap elementor-element-populated\">\n\t\t\t\t\t\t<div class=\"elementor-element elementor-element-638549a elementor-widget elementor-widget-image\" data-id=\"638549a\" data-element_type=\"widget\" data-widget_type=\"image.default\">\n\t\t\t\t<div class=\"elementor-widget-container\">\n\t\t\t\t\t\t\t\t\t\t\t\t\t<img fetchpriority=\"high\" decoding=\"async\" width=\"768\" height=\"1129\" src=\"https:\/\/ippa.uek.krakow.pl\/kpp\/wp-content\/uploads\/sites\/4\/2023\/11\/certyfikat-768x1129.jpg\" class=\"attachment-medium_large size-medium_large wp-image-2661\" alt=\"\" srcset=\"https:\/\/ippa.uek.krakow.pl\/kpp\/wp-content\/uploads\/sites\/4\/2023\/11\/certyfikat-768x1129.jpg 768w, https:\/\/ippa.uek.krakow.pl\/kpp\/wp-content\/uploads\/sites\/4\/2023\/11\/certyfikat-204x300.jpg 204w, https:\/\/ippa.uek.krakow.pl\/kpp\/wp-content\/uploads\/sites\/4\/2023\/11\/certyfikat-696x1024.jpg 696w, https:\/\/ippa.uek.krakow.pl\/kpp\/wp-content\/uploads\/sites\/4\/2023\/11\/certyfikat-1045x1536.jpg 1045w, https:\/\/ippa.uek.krakow.pl\/kpp\/wp-content\/uploads\/sites\/4\/2023\/11\/certyfikat-1393x2048.jpg 1393w, https:\/\/ippa.uek.krakow.pl\/kpp\/wp-content\/uploads\/sites\/4\/2023\/11\/certyfikat-1140x1676.jpg 1140w, https:\/\/ippa.uek.krakow.pl\/kpp\/wp-content\/uploads\/sites\/4\/2023\/11\/certyfikat-scaled.jpg 1741w\" sizes=\"(max-width: 768px) 100vw, 768px\" \/>\t\t\t\t\t\t\t\t\t\t\t\t\t<\/div>\n\t\t\t\t<\/div>\n\t\t\t\t\t<\/div>\n\t\t<\/div>\n\t\t\t\t\t<\/div>\n\t\t<\/section>\n\t\t\t\t<\/div>\n\t\t","protected":false},"excerpt":{"rendered":"<p>Katedra Polityk Publicznych uzyska\u0142a certyfikat Uczelni Przyjaznej Osobom z Niepe\u0142nosprawno\u015bci\u0105.\u00a0 Serdecznie gratulujemy ca\u0142ej katedrze za zaanga\u017cowanie i dzia\u0142anie w celu podnoszenia \u015bwiadomo\u015bci akademickiej w zakresie niepe\u0142nosprawno\u015bci i wdra\u017cania dobrych praktyk.\u00a0 Certyfikat zosta\u0142 przyznany na lata 2023-2026. Warto przypomnie\u0107, \u017ce funkcj\u0119 katedralnego Pe\u0142nomocnika ds. Os\u00f3b z Niepe\u0142nosprawno\u015bciami pe\u0142ni dr Maciej Fr\u0105czek.\u00a0 \/*! elementor &#8211; v3.16.0 &#8211; 17-10-2023 *\/ .elementor-widget-image{text-align:center}.elementor-widget-image a{display:inline-block}.elementor-widget-image a img[src$=&#8221;.svg&#8221;]{width:48px}.elementor-widget-image img{vertical-align:middle;display:inline-block}<\/p>\n","protected":false},"author":14,"featured_media":0,"comment_status":"closed","ping_status":"closed","sticky":false,"template":"","format":"standard","meta":{"footnotes":""},"categories":[10],"tags":[],"class_list":["post-2183","post","type-post","status-publish","format-standard","hentry","category-aktualnosci"],"_links":{"self":[{"href":"https:\/\/ippa.uek.krakow.pl\/kpp\/wp-json\/wp\/v2\/posts\/2183"}],"collection":[{"href":"https:\/\/ippa.uek.krakow.pl\/kpp\/wp-json\/wp\/v2\/posts"}],"about":[{"href":"https:\/\/ippa.uek.krakow.pl\/kpp\/wp-json\/wp\/v2\/types\/post"}],"author":[{"embeddable":true,"href":"https:\/\/ippa.uek.krakow.pl\/kpp\/wp-json\/wp\/v2\/users\/14"}],"replies":[{"embeddable":true,"href":"https:\/\/ippa.uek.krakow.pl\/kpp\/wp-json\/wp\/v2\/comments?post=2183"}],"version-history":[{"count":10,"href":"https:\/\/ippa.uek.krakow.pl\/kpp\/wp-json\/wp\/v2\/posts\/2183\/revisions"}],"predecessor-version":[{"id":2664,"href":"https:\/\/ippa.uek.krakow.pl\/kpp\/wp-json\/wp\/v2\/posts\/2183\/revisions\/2664"}],"wp:attachment":[{"href":"https:\/\/ippa.uek.krakow.pl\/kpp\/wp-json\/wp\/v2\/media?parent=2183"}],"wp:term":[{"taxonomy":"category","embeddable":true,"href":"https:\/\/ippa.uek.krakow.pl\/kpp\/wp-json\/wp\/v2\/categories?post=2183"},{"taxonomy":"post_tag","embeddable":true,"href":"https:\/\/ippa.uek.krakow.pl\/kpp\/wp-json\/wp\/v2\/tags?post=2183"}],"curies":[{"name":"wp","href":"https:\/\/api.w.org\/{rel}","templated":true}]}}