
{"id":2431,"date":"2025-11-11T02:44:04","date_gmt":"2025-11-11T01:44:04","guid":{"rendered":"https:\/\/ippa.uek.krakow.pl\/kgp\/?p=2431"},"modified":"2025-11-11T02:46:19","modified_gmt":"2025-11-11T01:46:19","slug":"zawarcie-porozumienia-z-polskimi-elektrowniami-jadrowymi","status":"publish","type":"post","link":"https:\/\/ippa.uek.krakow.pl\/kgp\/2025\/11\/11\/zawarcie-porozumienia-z-polskimi-elektrowniami-jadrowymi\/","title":{"rendered":"Zawarcie porozumienia z Polskimi Elektrowniami J\u0105drowymi"},"content":{"rendered":"\t\t<div data-elementor-type=\"wp-post\" data-elementor-id=\"2431\" class=\"elementor elementor-2431\">\n\t\t\t\t\t\t<section data-particle_enable=\"false\" data-particle-mobile-disabled=\"false\" class=\"elementor-section elementor-top-section elementor-element elementor-element-4c39e53 elementor-section-boxed elementor-section-height-default elementor-section-height-default\" data-id=\"4c39e53\" data-element_type=\"section\" data-settings=\"{&quot;jet_parallax_layout_list&quot;:[]}\">\n\t\t\t\t\t\t<div class=\"elementor-container elementor-column-gap-default\">\n\t\t\t\t\t<div class=\"elementor-column elementor-col-100 elementor-top-column elementor-element elementor-element-7c78f31\" data-id=\"7c78f31\" data-element_type=\"column\">\n\t\t\t<div class=\"elementor-widget-wrap\">\n\t\t\t\t\t\t\t<\/div>\n\t\t<\/div>\n\t\t\t\t\t<\/div>\n\t\t<\/section>\n\t\t\t\t<section data-particle_enable=\"false\" data-particle-mobile-disabled=\"false\" class=\"elementor-section elementor-top-section elementor-element elementor-element-d9292ec elementor-section-boxed elementor-section-height-default elementor-section-height-default\" data-id=\"d9292ec\" data-element_type=\"section\" data-settings=\"{&quot;jet_parallax_layout_list&quot;:[]}\">\n\t\t\t\t\t\t<div class=\"elementor-container elementor-column-gap-default\">\n\t\t\t\t\t<div class=\"elementor-column elementor-col-100 elementor-top-column elementor-element elementor-element-a9cf0d7\" data-id=\"a9cf0d7\" data-element_type=\"column\">\n\t\t\t<div class=\"elementor-widget-wrap elementor-element-populated\">\n\t\t\t\t\t\t<div class=\"elementor-element elementor-element-06a1c52 elementor-widget elementor-widget-text-editor\" data-id=\"06a1c52\" data-element_type=\"widget\" data-widget_type=\"text-editor.default\">\n\t\t\t\t<div class=\"elementor-widget-container\">\n\t\t\t\t\t\t\t<div class=\"html-div xdj266r x11i5rnm xat24cr x1mh8g0r xexx8yu x4uap5 x18d9i69 xkhd6sd\" dir=\"auto\"><div class=\"html-div xdj266r x11i5rnm xat24cr x1mh8g0r xexx8yu x4uap5 x18d9i69 xkhd6sd\" data-ad-rendering-role=\"story_message\"><div id=\"\u00abrbl\u00bb\" class=\"x1l90r2v x1iorvi4 x1ye3gou xn6708d\" data-ad-comet-preview=\"message\" data-ad-preview=\"message\"><div class=\"x78zum5 xdt5ytf xz62fqu x16ldp7u\"><div class=\"xu06os2 x1ok221b\"><div class=\"xdj266r x11i5rnm xat24cr x1mh8g0r x1vvkbs x126k92a\">Uniwersytet Ekonomiczny w Krakowie oraz Polskie Elektrownie J\u0105drowe (PEJ) zawar\u0142y porozumienie o wsp\u00f3\u0142pracy, kt\u00f3rego celem jest wsp\u00f3lne dzia\u0142anie na rzecz rozwoju kadr dla sektora j\u0105drowego.<\/div><div>\u00a0<\/div><div class=\"xdj266r x11i5rnm xat24cr x1mh8g0r x1vvkbs x126k92a\">Uczelni\u0119 podczas spotkania reprezentowali Rektor dr hab. Bernard Zi\u0119bicki, prof. UEK oraz Prorektor ds. Wsp\u00f3\u0142pracy i Projekt\u00f3w prof. \u0141ukasz Mamica.<\/div><\/div><\/div><\/div><\/div><\/div>\t\t\t\t\t\t<\/div>\n\t\t\t\t<\/div>\n\t\t\t\t\t<\/div>\n\t\t<\/div>\n\t\t\t\t\t<\/div>\n\t\t<\/section>\n\t\t\t\t<\/div>\n\t\t","protected":false},"excerpt":{"rendered":"<p>Uniwersytet Ekonomiczny w Krakowie oraz Polskie Elektrownie J\u0105drowe (PEJ) zawar\u0142y porozumienie o wsp\u00f3\u0142pracy, kt\u00f3rego celem jest wsp\u00f3lne dzia\u0142anie na rzecz rozwoju kadr dla sektora j\u0105drowego.\u00a0Uczelni\u0119 podczas spotkania reprezentowali Rektor dr hab. Bernard Zi\u0119bicki, prof. UEK oraz Prorektor ds. Wsp\u00f3\u0142pracy i Projekt\u00f3w prof. \u0141ukasz Mamica.<\/p>\n","protected":false},"author":10,"featured_media":2433,"comment_status":"closed","ping_status":"closed","sticky":false,"template":"","format":"standard","meta":{"footnotes":""},"categories":[10],"tags":[],"class_list":["post-2431","post","type-post","status-publish","format-standard","has-post-thumbnail","hentry","category-aktualnosci"],"_links":{"self":[{"href":"https:\/\/ippa.uek.krakow.pl\/kgp\/wp-json\/wp\/v2\/posts\/2431"}],"collection":[{"href":"https:\/\/ippa.uek.krakow.pl\/kgp\/wp-json\/wp\/v2\/posts"}],"about":[{"href":"https:\/\/ippa.uek.krakow.pl\/kgp\/wp-json\/wp\/v2\/types\/post"}],"author":[{"embeddable":true,"href":"https:\/\/ippa.uek.krakow.pl\/kgp\/wp-json\/wp\/v2\/users\/10"}],"replies":[{"embeddable":true,"href":"https:\/\/ippa.uek.krakow.pl\/kgp\/wp-json\/wp\/v2\/comments?post=2431"}],"version-history":[{"count":4,"href":"https:\/\/ippa.uek.krakow.pl\/kgp\/wp-json\/wp\/v2\/posts\/2431\/revisions"}],"predecessor-version":[{"id":2436,"href":"https:\/\/ippa.uek.krakow.pl\/kgp\/wp-json\/wp\/v2\/posts\/2431\/revisions\/2436"}],"wp:featuredmedia":[{"embeddable":true,"href":"https:\/\/ippa.uek.krakow.pl\/kgp\/wp-json\/wp\/v2\/media\/2433"}],"wp:attachment":[{"href":"https:\/\/ippa.uek.krakow.pl\/kgp\/wp-json\/wp\/v2\/media?parent=2431"}],"wp:term":[{"taxonomy":"category","embeddable":true,"href":"https:\/\/ippa.uek.krakow.pl\/kgp\/wp-json\/wp\/v2\/categories?post=2431"},{"taxonomy":"post_tag","embeddable":true,"href":"https:\/\/ippa.uek.krakow.pl\/kgp\/wp-json\/wp\/v2\/tags?post=2431"}],"curies":[{"name":"wp","href":"https:\/\/api.w.org\/{rel}","templated":true}]}}